{"id":261,"date":"2016-06-07T13:04:03","date_gmt":"2016-06-07T19:04:03","guid":{"rendered":"http:\/\/iae.org.mx\/sitio15\/wordpress\/?p=261"},"modified":"2016-06-07T13:04:03","modified_gmt":"2016-06-07T19:04:03","slug":"calendario-escolar-flexible","status":"publish","type":"post","link":"https:\/\/iae.org.mx\/sitio15\/wordpress\/?p=261","title":{"rendered":"Calendario Escolar Flexible"},"content":{"rendered":"<h3><strong>Las escuelas que ampl\u00eden su jornada escolar efectiva podr\u00e1n acceder a un calendario de 185 d\u00edas. El resto mantendr\u00e1 un calendario de 200 d\u00edas. <a href=\"http:\/\/www.gob.mx\/sep\/articulos\/calendario-escolar-flexible?idiom=es\" target=\"_blank\">Leer informaci\u00f3n completa aqu\u00ed.<\/a><\/strong><\/h3>\n<p><img loading=\"lazy\" decoding=\"async\" class=\"alignnone\" src=\"http:\/\/www.gob.mx\/cms\/uploads\/image\/file\/151836\/185_1.jpg\" alt=\"\" width=\"937\" height=\"960\" \/><\/p>\n<p><a href=\"http:\/\/www.gob.mx\/sep\/articulos\/calendario-escolar-flexible?idiom=es\" target=\"_blank\">Fuente:\u00a0http:\/\/www.gob.mx\/sep\/articulos\/calendario-escolar-flexible?idiom=es\u00a0<\/a><\/p>\n","protected":false},"excerpt":{"rendered":"<p>Las escuelas que ampl\u00eden su jornada escolar efectiva podr\u00e1n acceder a un calendario de 185 d\u00edas. El resto mantendr\u00e1 un calendario de 200 d\u00edas. Leer informaci\u00f3n completa aqu\u00ed. Fuente:\u00a0http:\/\/www.gob.mx\/sep\/articulos\/calendario-escolar-flexible?idiom=es\u00a0<\/p>\n","protected":false},"author":1,"featured_media":262,"comment_status":"open","ping_status":"open","sticky":false,"template":"","format":"standard","meta":{"footnotes":""},"categories":[1],"tags":[],"_links":{"self":[{"href":"https:\/\/iae.org.mx\/sitio15\/wordpress\/index.php?rest_route=\/wp\/v2\/posts\/261"}],"collection":[{"href":"https:\/\/iae.org.mx\/sitio15\/wordpress\/index.php?rest_route=\/wp\/v2\/posts"}],"about":[{"href":"https:\/\/iae.org.mx\/sitio15\/wordpress\/index.php?rest_route=\/wp\/v2\/types\/post"}],"author":[{"embeddable":true,"href":"https:\/\/iae.org.mx\/sitio15\/wordpress\/index.php?rest_route=\/wp\/v2\/users\/1"}],"replies":[{"embeddable":true,"href":"https:\/\/iae.org.mx\/sitio15\/wordpress\/index.php?rest_route=%2Fwp%2Fv2%2Fcomments&post=261"}],"version-history":[{"count":1,"href":"https:\/\/iae.org.mx\/sitio15\/wordpress\/index.php?rest_route=\/wp\/v2\/posts\/261\/revisions"}],"predecessor-version":[{"id":263,"href":"https:\/\/iae.org.mx\/sitio15\/wordpress\/index.php?rest_route=\/wp\/v2\/posts\/261\/revisions\/263"}],"wp:featuredmedia":[{"embeddable":true,"href":"https:\/\/iae.org.mx\/sitio15\/wordpress\/index.php?rest_route=\/wp\/v2\/media\/262"}],"wp:attachment":[{"href":"https:\/\/iae.org.mx\/sitio15\/wordpress\/index.php?rest_route=%2Fwp%2Fv2%2Fmedia&parent=261"}],"wp:term":[{"taxonomy":"category","embeddable":true,"href":"https:\/\/iae.org.mx\/sitio15\/wordpress\/index.php?rest_route=%2Fwp%2Fv2%2Fcategories&post=261"},{"taxonomy":"post_tag","embeddable":true,"href":"https:\/\/iae.org.mx\/sitio15\/wordpress\/index.php?rest_route=%2Fwp%2Fv2%2Ftags&post=261"}],"curies":[{"name":"wp","href":"https:\/\/api.w.org\/{rel}","templated":true}]}}