{"id":249,"date":"2016-04-11T17:25:38","date_gmt":"2016-04-11T23:25:38","guid":{"rendered":"http:\/\/iae.org.mx\/sitio15\/wordpress\/?p=249"},"modified":"2016-04-11T17:27:51","modified_gmt":"2016-04-11T23:27:51","slug":"contaminacion-y-educacion","status":"publish","type":"post","link":"https:\/\/iae.org.mx\/sitio15\/wordpress\/?p=249","title":{"rendered":"CONTAMINACI\u00d3N Y EDUCACI\u00d3N"},"content":{"rendered":"<p><a href=\"http:\/\/iae.org.mx\/sitio15\/wordpress\/wp-content\/uploads\/2016\/04\/contaminacio\u0301n.jpg\"><img loading=\"lazy\" decoding=\"async\" class=\"alignleft  wp-image-250\" src=\"http:\/\/iae.org.mx\/sitio15\/wordpress\/wp-content\/uploads\/2016\/04\/contaminacio\u0301n.jpg\" alt=\"contaminacio\u0301n\" width=\"406\" height=\"329\" \/><\/a><\/p>\n<p>En estas \u00faltimas semanas la capital de la Ciudad de M\u00e9xico ha sufrido un colapso de contaminaci\u00f3n atmosf\u00e9rica, que ha provocado un caos de transporte y de falta de un buen gobierno para enfrentar un asunto que afecta la salud de los ciudadanos.<\/p>\n<p>Pocos ciudadanos de hecho, conocen que pueden levantar una queja en la Comisi\u00f3n de Derechos Humanos al tener una violaci\u00f3n al derecho a un ambiente saludable en su entorno, en particular los ni\u00f1os. Mediante las demandas de los infantes, por ejemplo, se logr\u00f3 un avance jur\u00eddico en la protecci\u00f3n del manglar Tajamar en el malec\u00f3n de la ciudad de Quintana Roo.<\/p>\n<p>En todo el pa\u00eds, hay una nulidad preocupante de proyectos de protecci\u00f3n de los recursos naturales y de una adecuada y fruct\u00edfera explotaci\u00f3n de los mismos. En los programas de educaci\u00f3n b\u00e1sica ya aparecen t\u00e9rminos como \u201cproducci\u00f3n sustentable\u201d, \u201creserva natural protegida\u201d, pero lo cierto es que tenemos poca educaci\u00f3n ambiental.<\/p>\n<p>Todo un tema para compartir, trabajar y estudiar junto con nuestros alumnos, y tener entre ellos, en un futuro cercano arquitectos que cuidan el agua, pol\u00edticos que aprovechan la energ\u00eda solar y e\u00f3lica, hombres y mujeres que clasifican y reciclan la basura. Estamos en una carrera contra el tiempo en lo que se refiere al cuidado de nuestro planeta.<\/p>\n<p>Les compartimos un enlace interesante para los apasionados del tema: <a href=\"http:\/\/www.jmarcano.com\/educa\/\">http:\/\/www.jmarcano.com\/educa\/<\/a><\/p>\n","protected":false},"excerpt":{"rendered":"<p>En estas \u00faltimas semanas la capital de la Ciudad de M\u00e9xico ha sufrido un colapso de contaminaci\u00f3n atmosf\u00e9rica, que ha provocado un caos de transporte y de falta de un buen gobierno para enfrentar un asunto que afecta la salud de los ciudadanos. Pocos ciudadanos de hecho, conocen que pueden levantar una queja en la [&hellip;]<\/p>\n","protected":false},"author":1,"featured_media":252,"comment_status":"open","ping_status":"open","sticky":false,"template":"","format":"standard","meta":{"footnotes":""},"categories":[1],"tags":[],"_links":{"self":[{"href":"https:\/\/iae.org.mx\/sitio15\/wordpress\/index.php?rest_route=\/wp\/v2\/posts\/249"}],"collection":[{"href":"https:\/\/iae.org.mx\/sitio15\/wordpress\/index.php?rest_route=\/wp\/v2\/posts"}],"about":[{"href":"https:\/\/iae.org.mx\/sitio15\/wordpress\/index.php?rest_route=\/wp\/v2\/types\/post"}],"author":[{"embeddable":true,"href":"https:\/\/iae.org.mx\/sitio15\/wordpress\/index.php?rest_route=\/wp\/v2\/users\/1"}],"replies":[{"embeddable":true,"href":"https:\/\/iae.org.mx\/sitio15\/wordpress\/index.php?rest_route=%2Fwp%2Fv2%2Fcomments&post=249"}],"version-history":[{"count":1,"href":"https:\/\/iae.org.mx\/sitio15\/wordpress\/index.php?rest_route=\/wp\/v2\/posts\/249\/revisions"}],"predecessor-version":[{"id":251,"href":"https:\/\/iae.org.mx\/sitio15\/wordpress\/index.php?rest_route=\/wp\/v2\/posts\/249\/revisions\/251"}],"wp:featuredmedia":[{"embeddable":true,"href":"https:\/\/iae.org.mx\/sitio15\/wordpress\/index.php?rest_route=\/wp\/v2\/media\/252"}],"wp:attachment":[{"href":"https:\/\/iae.org.mx\/sitio15\/wordpress\/index.php?rest_route=%2Fwp%2Fv2%2Fmedia&parent=249"}],"wp:term":[{"taxonomy":"category","embeddable":true,"href":"https:\/\/iae.org.mx\/sitio15\/wordpress\/index.php?rest_route=%2Fwp%2Fv2%2Fcategories&post=249"},{"taxonomy":"post_tag","embeddable":true,"href":"https:\/\/iae.org.mx\/sitio15\/wordpress\/index.php?rest_route=%2Fwp%2Fv2%2Ftags&post=249"}],"curies":[{"name":"wp","href":"https:\/\/api.w.org\/{rel}","templated":true}]}}