{"id":2411,"date":"2021-07-24T12:43:03","date_gmt":"2021-07-24T18:43:03","guid":{"rendered":"http:\/\/iae.org.mx\/sitio15\/wordpress\/?p=2411"},"modified":"2021-07-24T12:43:03","modified_gmt":"2021-07-24T18:43:03","slug":"facebook-como-herramienta-de-aprendizaje","status":"publish","type":"post","link":"https:\/\/iae.org.mx\/sitio15\/wordpress\/?p=2411","title":{"rendered":"FACEBOOK COMO HERRAMIENTA DE APRENDIZAJE"},"content":{"rendered":"<p>&nbsp;<\/p>\n<p>Durante la pandemia, los profesores del pa\u00eds hemos vivido sobre todo una preocupaci\u00f3n sustancial: estar comunicados con los estudiantes y sus familias. Y, en segundo t\u00e9rmino, despu\u00e9s de conservar el contacto, dar de alguna manera continuidad al aprendizaje y el trabajo acad\u00e9mico. Sin embargo, creo que la mayor\u00eda de los docentes, dadas las circunstancias de emergencia y nula preparaci\u00f3n para una situaci\u00f3n como la que vivimos, nos quedamos solo en el primer paso: lograr comunicaci\u00f3n constante.<\/p>\n<p>Si bien, podemos reconocer que eso no ha sido suficiente para el logro de los prop\u00f3sitos educativos de los programas de cada nivel, el uso de diferentes aplicaciones, en particular el de las redes sociales, han logrado que esta comunicaci\u00f3n logre un valor educativo, y hemos aprendido en la marcha, c\u00f3mo sacar provecho a las herramientas que tiene cada una de las aplicaciones y se han logrado proyectos de aprendizaje interesantes.<\/p>\n<p>&nbsp;<\/p>\n<p>Analicemos, por ahora, algunas posibilidades y ejemplos que nos ofrece Facebook <strong>en particular en nuestro contexto mexicano<\/strong>, y no descartemos, que debido a que la pandemia no ha cedido, y que tengamos algunas actividades presenciales, saber explotar de manera provechosa las redes sociales, nos ser\u00e1 de mucha utilidad para mejorar el sentido acad\u00e9mico de la comunicaci\u00f3n que hemos establecido con los alumnos y sus familias. Es importante mencionar, que estas ideas son fruto de la experiencia, pero sigue siendo indiscutible, que <strong>m\u00e1s all\u00e1 de buenas sugerencias, los docentes debemos procurar conocimientos m\u00e1s formales de alfabetizaci\u00f3n digital<\/strong>, pues la tecnolog\u00eda ya se ha quedado instalada en las escuelas.<\/p>\n<p><a href=\"http:\/\/iae.org.mx\/sitio15\/wordpress\/wp-content\/uploads\/2021\/07\/facebook5.jpeg\"><img loading=\"lazy\" decoding=\"async\" class=\"alignleft size-medium wp-image-2415\" src=\"http:\/\/iae.org.mx\/sitio15\/wordpress\/wp-content\/uploads\/2021\/07\/facebook5-300x168.jpeg\" alt=\"facebook5\" width=\"300\" height=\"168\" srcset=\"https:\/\/iae.org.mx\/sitio15\/wordpress\/wp-content\/uploads\/2021\/07\/facebook5-300x168.jpeg 300w, https:\/\/iae.org.mx\/sitio15\/wordpress\/wp-content\/uploads\/2021\/07\/facebook5-1024x575.jpeg 1024w, https:\/\/iae.org.mx\/sitio15\/wordpress\/wp-content\/uploads\/2021\/07\/facebook5.jpeg 1140w\" sizes=\"(max-width: 300px) 100vw, 300px\" \/><\/a><\/p>\n<p><strong><em>Facebook es una red social, por tanto, es abierta<\/em><\/strong><\/p>\n<p>El Facebook es una red que solo deben utilizar las personas mayores de 13 a\u00f1os, es importante esta consideraci\u00f3n, porque entonces el docente debe crear un GRUPO CERRADO, y s\u00f3lo admitir a los padres de familia en la red, estableciendo un REGLAMENTO de su uso.<\/p>\n<p>Como maestro, se debe cuidar que NUNCA los videos o fotos de trabajo escolar, donde aparece los rostros y voces de los ni\u00f1os sean expuestos de manera abierta. S\u00e9 que es tentador ponerlo en una p\u00e1gina abierta, por ejemplo, del centro educativo, o de la supervisi\u00f3n, zona escolar, PERO NO ES RECOMENDABLE. Recuerden que desafortunadamente hay muchos peligros ante el tr\u00e1fico y robo infantil.<\/p>\n<p>Si desean dar a conocer a la comunidad en general los logros de los estudiantes, se pueden publicar sus trabajos, sus diplomas, las voces de los padres \u201cpresumiendo\u201d el esfuerzo que han hecho, entre otros. Ahora, las caracter\u00edsticas sociales de esta red, sin duda se prestan para <strong>la colaboraci\u00f3n y la investigaci\u00f3n<\/strong>, el muro se puede convertir en una agenda de publicaciones de tareas, reportes, brindar retroalimentaci\u00f3n, establecer agendas de reuniones, e incluso tener salas de chat.<\/p>\n<p>&nbsp;<\/p>\n<p><strong><em>Facebook tiene un c\u00f3digo abierto, por lo tanto, acepta formatos distintos<\/em><\/strong><\/p>\n<p>Una de las \u201cbondades\u201d de esta red social, es que ha dise\u00f1ado para que puedas compartir archivos de diversa extensi\u00f3n e \u00edndole: Office, PDF, imagen, audio, video, en pr\u00e1cticamente cualquier formato. Considera esto para diversificar los materiales de ense\u00f1anza, aceptar las producciones de tus estudiantes, y \u201carmar\u201d carpetas por grupo, grado, asignatura, proyecto.<\/p>\n<p>Asimismo, puedes cargar \u201cenlaces externos\u201d a visitas a museos, documentales, \u201cmemes\u201d, <em>influencers<\/em>, libros, p\u00e1ginas de ciencia, sitios oficiales de instituciones educativas o de otra clase (salud, tecnolog\u00eda, literatura). As\u00ed que armar clubs de lectura, cine, aficiones, y otros temas, es muy posible.<\/p>\n<p>&nbsp;<\/p>\n<p><strong><em>Facebook usa tu identidad, usemos eso a nuestro favor<\/em><\/strong><\/p>\n<p>Vivimos en la era del \u201cselfie\u201d, nuestros alumnos sacan su mejor foto y quieren dar a conocer qui\u00e9nes son, o qui\u00e9nes quieren ser a trav\u00e9s de un avatar, una vi\u00f1eta, una foto con filtros. <strong>Usa esta afici\u00f3n para que los estudiantes se expresen<\/strong>, jueguen a ser ellos mismos, pero tambi\u00e9n a ser otras personas, escribir historias a trav\u00e9s de im\u00e1genes reales o ficticias, y construyan ambientes de aprendizaje agradables y comunicantes.<a href=\"http:\/\/iae.org.mx\/sitio15\/wordpress\/wp-content\/uploads\/2021\/07\/facebook2.jpeg\"><img loading=\"lazy\" decoding=\"async\" class=\"alignright size-medium wp-image-2413\" src=\"http:\/\/iae.org.mx\/sitio15\/wordpress\/wp-content\/uploads\/2021\/07\/facebook2-300x209.jpeg\" alt=\"facebook2\" width=\"300\" height=\"209\" srcset=\"https:\/\/iae.org.mx\/sitio15\/wordpress\/wp-content\/uploads\/2021\/07\/facebook2-300x209.jpeg 300w, https:\/\/iae.org.mx\/sitio15\/wordpress\/wp-content\/uploads\/2021\/07\/facebook2.jpeg 320w\" sizes=\"(max-width: 300px) 100vw, 300px\" \/><\/a><\/p>\n<p>&nbsp;<\/p>\n<p><strong><em>Facebook agrupa personas, hagamos comunidades de aprendizaje<\/em><\/strong><\/p>\n<p>Como se coment\u00f3, la finalidad de esta aplicaci\u00f3n es el intercambio social, as\u00ed que los \u201cmuros\u201d tienen herramientas adicionales para crear canales de comunicaci\u00f3n de \u201cida y vuelta\u201d que pueden favorecer la comunicaci\u00f3n horizontal. Juega a crear actividades con las salas de chat simult\u00e1neo, participar en los juegos por equipo que ofrecen, usar las encuestas, la creaci\u00f3n de historias con m\u00fasica, intercambiar archivos, hacer sesiones de preguntas y respuestas entre otros.<\/p>\n<p>Sin embargo, no olvides <strong>analizar las opciones de privacidad, y escribir reglas claras<\/strong> de lo que se puede publicar o no, para proteger tanto a los alumnos, como maestros y padres de familia que participen,<\/p>\n<p>&nbsp;<\/p>\n<p><strong><em>Facebook trabaja con las emociones, explotemos de forma positiva esa caracter\u00edstica<\/em><\/strong><\/p>\n<p>A cada publicaci\u00f3n que se hace en Facebook, podemos dar una \u201creacci\u00f3n\u201d. Esta sencilla interacci\u00f3n nos muestra que las personas est\u00e1n interesadas en expresar sus emociones ante la informaci\u00f3n y las ideas. Los maestros pueden trabajar en el manejo de las emociones mediante las reacciones, los emoticones y otras estrategias orales o escritas que puedan ayudar a superar el aislamiento y encierro, la p\u00e9rdida, la enfermedad, la falta de trabajo, entre otros.<\/p>\n<p>Se pueden utilizar las reacciones para tener un monitoreo o sem\u00e1foro para consultar de forma constante el estado emocional de los estudiantes.<\/p>\n<p>&nbsp;<\/p>\n<p><strong><em>Facebook nos conecta con otras partes del mundo, expandamos la cultura de los alumnos<\/em><\/strong><\/p>\n<p>Al tener un grupo se pueden organizar transmisiones en vivo con invitados especiales en diferentes \u00e1mbitos (salud, disciplinas, arte, psicolog\u00eda, deportes, nutrici\u00f3n, entre otros), pero tambi\u00e9n tener oportunidad de hacer intercambios escolares con grupos de otra zona, de otra regi\u00f3n, estado o pa\u00eds. La buena organizaci\u00f3n de los docentes, puede llevarlos incluso a realizar proyectos did\u00e1cticos en conjunto con estudiantes pares de otras latitudes del planeta.<\/p>\n<p>Adem\u00e1s, se pueden hacer \u201cvisitas guiadas\u201d a lugares tur\u00edsticos, museos y pa\u00edses que cuentan con videos panor\u00e1micos de 360\u00ba, tener conversaciones y contactos con las biograf\u00edas o \u201cfan page\u201d de intelectuales, artistas, escritores, deportistas, cient\u00edficos, entre otros.<\/p>\n<p>&nbsp;<\/p>\n<p><strong><em><a href=\"http:\/\/iae.org.mx\/sitio15\/wordpress\/wp-content\/uploads\/2021\/07\/facebook2.jpeg\"><img loading=\"lazy\" decoding=\"async\" class=\"alignleft size-medium wp-image-2413\" src=\"http:\/\/iae.org.mx\/sitio15\/wordpress\/wp-content\/uploads\/2021\/07\/facebook2-300x209.jpeg\" alt=\"facebook2\" width=\"300\" height=\"209\" srcset=\"https:\/\/iae.org.mx\/sitio15\/wordpress\/wp-content\/uploads\/2021\/07\/facebook2-300x209.jpeg 300w, https:\/\/iae.org.mx\/sitio15\/wordpress\/wp-content\/uploads\/2021\/07\/facebook2.jpeg 320w\" sizes=\"(max-width: 300px) 100vw, 300px\" \/><\/a>Facebook conlleva riesgos importantes, seamos cautelosos<\/em><\/strong><\/p>\n<p>A pesar de que esta red social tiene muchas herramientas y usos que pueden favorecer los procesos educativos, no olvidemos que es importante poner sobre la mesa temas como el \u201ccyberbulling\u201d, acoso sexual, invasi\u00f3n de la privacidad, entre otros, son un riesgo para nuestros estudiantes, por lo que la administraci\u00f3n de estos grupos privados debe ser cuidadosa, y enf\u00e1ticamente promover c\u00f3digos de conducta seguros. Esta caracter\u00edstica se convierte, no obstante, en una oportunidad para aprender el uso adecuado de aplicaciones de la tecnolog\u00eda, y trabajar en temas de derechos humanos y habilidades sociales.<\/p>\n<p>&nbsp;<\/p>\n<p>&nbsp;<\/p>\n<p>&nbsp;<\/p>\n<p>&nbsp;<\/p>\n<p>&nbsp;<\/p>\n","protected":false},"excerpt":{"rendered":"<p>&nbsp; Durante la pandemia, los profesores del pa\u00eds hemos vivido sobre todo una preocupaci\u00f3n sustancial: estar comunicados con los estudiantes y sus familias. Y, en segundo t\u00e9rmino, despu\u00e9s de conservar el contacto, dar de alguna manera continuidad al aprendizaje y el trabajo acad\u00e9mico. Sin embargo, creo que la mayor\u00eda de los docentes, dadas las circunstancias [&hellip;]<\/p>\n","protected":false},"author":1,"featured_media":2414,"comment_status":"open","ping_status":"open","sticky":false,"template":"","format":"standard","meta":{"footnotes":""},"categories":[1],"tags":[],"_links":{"self":[{"href":"https:\/\/iae.org.mx\/sitio15\/wordpress\/index.php?rest_route=\/wp\/v2\/posts\/2411"}],"collection":[{"href":"https:\/\/iae.org.mx\/sitio15\/wordpress\/index.php?rest_route=\/wp\/v2\/posts"}],"about":[{"href":"https:\/\/iae.org.mx\/sitio15\/wordpress\/index.php?rest_route=\/wp\/v2\/types\/post"}],"author":[{"embeddable":true,"href":"https:\/\/iae.org.mx\/sitio15\/wordpress\/index.php?rest_route=\/wp\/v2\/users\/1"}],"replies":[{"embeddable":true,"href":"https:\/\/iae.org.mx\/sitio15\/wordpress\/index.php?rest_route=%2Fwp%2Fv2%2Fcomments&post=2411"}],"version-history":[{"count":1,"href":"https:\/\/iae.org.mx\/sitio15\/wordpress\/index.php?rest_route=\/wp\/v2\/posts\/2411\/revisions"}],"predecessor-version":[{"id":2416,"href":"https:\/\/iae.org.mx\/sitio15\/wordpress\/index.php?rest_route=\/wp\/v2\/posts\/2411\/revisions\/2416"}],"wp:featuredmedia":[{"embeddable":true,"href":"https:\/\/iae.org.mx\/sitio15\/wordpress\/index.php?rest_route=\/wp\/v2\/media\/2414"}],"wp:attachment":[{"href":"https:\/\/iae.org.mx\/sitio15\/wordpress\/index.php?rest_route=%2Fwp%2Fv2%2Fmedia&parent=2411"}],"wp:term":[{"taxonomy":"category","embeddable":true,"href":"https:\/\/iae.org.mx\/sitio15\/wordpress\/index.php?rest_route=%2Fwp%2Fv2%2Fcategories&post=2411"},{"taxonomy":"post_tag","embeddable":true,"href":"https:\/\/iae.org.mx\/sitio15\/wordpress\/index.php?rest_route=%2Fwp%2Fv2%2Ftags&post=2411"}],"curies":[{"name":"wp","href":"https:\/\/api.w.org\/{rel}","templated":true}]}}