{"id":1133,"date":"2019-04-11T12:34:52","date_gmt":"2019-04-11T18:34:52","guid":{"rendered":"http:\/\/iae.org.mx\/sitio15\/wordpress\/?p=1133"},"modified":"2019-04-11T19:12:14","modified_gmt":"2019-04-12T01:12:14","slug":"foro-fortalecimiento-de-la-escuela-mexicana-en-tiempos-de-cambio","status":"publish","type":"post","link":"https:\/\/iae.org.mx\/sitio15\/wordpress\/?p=1133","title":{"rendered":"Foro &#8211; Fortalecimiento de la escuela mexicana en tiempos de cambio"},"content":{"rendered":"<p><a href=\"http:\/\/iae.org.mx\/sitio15\/wordpress\/wp-content\/uploads\/2019\/04\/Barra-fb.jpg\"><img loading=\"lazy\" decoding=\"async\" class=\"aligncenter size-full wp-image-1135\" src=\"http:\/\/iae.org.mx\/sitio15\/wordpress\/wp-content\/uploads\/2019\/04\/Barra-fb.jpg\" alt=\"Barra-fb\" width=\"820\" height=\"312\" srcset=\"https:\/\/iae.org.mx\/sitio15\/wordpress\/wp-content\/uploads\/2019\/04\/Barra-fb.jpg 820w, https:\/\/iae.org.mx\/sitio15\/wordpress\/wp-content\/uploads\/2019\/04\/Barra-fb-300x114.jpg 300w\" sizes=\"(max-width: 820px) 100vw, 820px\" \/><\/a><\/p>\n<p>&nbsp;<\/p>\n<p>La organizaci\u00f3n curricular, su orientaci\u00f3n y organizaci\u00f3n, as\u00ed como los enfoques did\u00e1cticos de las diferentes asignaturas y \u00e1reas de desarrollo de la educaci\u00f3n obligatoria y la educaci\u00f3n superior, han estado en constante cambio y reforma, tratando de adaptarse a los cambios del mundo, la sociedad, la econom\u00eda, las relaciones y los derechos humanos, y las problem\u00e1ticas del desarrollo actuales.<\/p>\n<p>En nuestro pa\u00eds, el debate actual acerca de las modificaciones curriculares, ha generado dudas sobre el enfoque, los puntos centrales y la esencia del trabajo en las aulas, la operaci\u00f3n de las escuelas, y la administraci\u00f3n de los procesos educativos.<\/p>\n<p>En este contexto y con el objetivo de ofrecer reflexiones sobre la importancia del desarrollo de competencias profesionales imprescindibles y fortalecer las pr\u00e1cticas directivas y docentes en las escuelas de educaci\u00f3n b\u00e1sica en la regi\u00f3n sureste de nuestro pa\u00eds, <em>Innovaci\u00f3n y Asesor\u00eda Educativa, AC<\/em>, en colaboraci\u00f3n con <em>Educatec.Mx, Aula abierta Digital, SC<\/em>, convocan a l\u00edderes educativos, agentes de cambio, formadores de docentes y o especialistas relacionados con el \u00e1mbito educativo, directores, supervisores y personal de apoyo t\u00e9cnico de educaci\u00f3n b\u00e1sica, profesionistas y estudiantes, psic\u00f3logos e investigadores educativos, a participar en este <strong>FORO <\/strong>para favorecer el intercambio de experiencias y la mejora de los espacios profesionales de actuaci\u00f3n.<\/p>\n<p><strong>LUGAR<\/strong><\/p>\n<p>Canc\u00fan, Quintana Roo<\/p>\n<p>Hotel Krystal, Av. Sayil N\u00fam. 4 Mza. 1 SM 4-A Lt. 4-07.<\/p>\n<p>Col. Zona Centro C.P. 77500<\/p>\n<h2><\/h2>\n<p><strong>FECHA Y HORARIO<\/strong><\/p>\n<p>18 de junio 2019<\/p>\n<p>Registro: 8:30 a 9:00 horas<\/p>\n<p>Desarrollo del programa de 9:00 a 13:00 horas<\/p>\n<p>&nbsp;<\/p>\n<p><strong>Prop\u00f3sito<\/strong><\/p>\n<p>Fortalecer las competencias profesionales de los agentes participantes en los procesos de educaci\u00f3n b\u00e1sica y obligatoria, a partir del an\u00e1lisis de exposiciones de expertos, con la finalidad de impulsar el debate y el aprendizaje sobre las necesidades de ense\u00f1anza en la actualidad.<\/p>\n<p><strong>\u00a0<\/strong><\/p>\n<p><strong>\u00a0<\/strong><\/p>\n<p><strong>PROGRAMA<\/strong><\/p>\n<p><strong>\u00a0<\/strong><\/p>\n<table style=\"height: 978px;\" width=\"710\">\n<tbody>\n<tr>\n<td width=\"99\">\n<p style=\"text-align: center;\"><strong><em>Horario<\/em><\/strong><\/p>\n<\/td>\n<td width=\"333\">\n<p style=\"text-align: center;\"><strong><em>Actividad<\/em><\/strong><\/p>\n<\/td>\n<\/tr>\n<tr>\n<td width=\"99\">8:30 &#8211; 9:00<\/td>\n<td width=\"333\">Registro de participantes<\/td>\n<\/tr>\n<tr>\n<td width=\"99\">9:00 &#8211; 9:15<\/td>\n<td width=\"333\">Bienvenida. Prop\u00f3sitos y encuadre<\/td>\n<\/tr>\n<tr>\n<td width=\"99\">9:15 &#8211; 10:30<\/td>\n<td width=\"333\">Conferencia magistral 1: \u201cEl desarrollo socioemocional de los estudiantes\u201d \u2013 Dr. Rafael Bizquera, Universidad de Barcelona, Espa\u00f1a<\/td>\n<\/tr>\n<tr>\n<td width=\"99\"><em>10:30 \u2013 10:45<\/em><\/td>\n<td width=\"333\"><em>Receso t\u00e9cnico<\/em><em>\u00a0<\/em><\/td>\n<\/tr>\n<tr>\n<td width=\"99\">10:45 \u2013 11:45<\/td>\n<td width=\"333\">Conferencia magistral 2: \u201cLa ense\u00f1anza del lenguaje y la comunicaci\u00f3n\u201d, Mtro. Enrique Lepe Garc\u00eda, Investigador independiente, Universidad de Colima, M\u00e9xico.<\/td>\n<\/tr>\n<tr>\n<td width=\"99\"><em>11:45\u2013 12:00<\/em><\/td>\n<td width=\"333\"><em>Receso t\u00e9cnico<\/em><\/td>\n<\/tr>\n<tr>\n<td width=\"99\">12:00 -13:00<\/td>\n<td width=\"333\">Conferencia magistral 3: \u201cLa ense\u00f1anza de las matem\u00e1ticas\u201d &#8211; Dra. Irma Fuenlabrada Vel\u00e1zquez , Departamento de Investigaciones Educativas, CINVESTAV, M\u00e9xico<\/td>\n<\/tr>\n<\/tbody>\n<\/table>\n<p><strong>\u00a0<\/strong><\/p>\n<p><strong>COSTOS: <\/strong><\/p>\n<p>(Entrada con brazalete)<\/p>\n<p>$ 200.00 \u2013 ENTRADA GENERAL<strong>*<\/strong><\/p>\n<p>$ 50.00 &#8211; CON CREDENCIAL DE MAESTRO O EQUIVALENTE DE\u00a0ALGUNA SECRETAR\u00cdA DE EDUCACI\u00d3N<\/p>\n<p><strong>\u00a0<\/strong><\/p>\n<p><strong>INFORMES Y SOLICITUD DE BRAZALETES:<\/strong><\/p>\n<p>Arel\u00ed Santill\u00e1n \u2013m\u00f3vil 55 2045 3312<\/p>\n<p>Karina G\u00f3mez \u2013m\u00f3vil 984 188 1259<\/p>\n<p>Rafael Peralta \u2013m\u00f3vil 998 268 6828<\/p>\n<p><strong>*<\/strong>Pregunte por promociones para grupos en caso de escuelas particulares u otras instituciones<\/p>\n<p>&nbsp;<\/p>\n<h2><strong>CUPO LIMITADO<\/strong><\/h2>\n<p><strong>Proceso de inscripci\u00f3n<\/strong><\/p>\n<p>1. Realizar el dep\u00f3sito\u00a0o transferencia bancaria a HSBC Sucursal 690 Plaza 1<\/p>\n<p>Cuenta: 4039344353<\/p>\n<p>Clabe: 021180040393443534<\/p>\n<p>A nombre de: Innovaci\u00f3n y Asesor\u00eda Educativa A.C.<\/p>\n<p>2. Enviar comprobante de pago al correo informes@iae.org.mx con el asunto &#8220;Ficha pago Foro Canc\u00fan&#8221; con los siguientes datos:<\/p>\n<ul>\n<li>Nombre completo<\/li>\n<li>Entidad<\/li>\n<li>Escuela o instituci\u00f3n de procedencia<\/li>\n<li>Cargo o funci\u00f3n<\/li>\n<li>Tel\u00e9fono celular<\/li>\n<li>En el caso de aplicar el descuento anexar la Fotograf\u00eda de\u00a0CREDENCIAL DE MAESTRO O EQUIVALENTE DE\u00a0ALGUNA SECRETAR\u00cdA DE EDUCACI\u00d3N<\/li>\n<\/ul>\n<p>3. Recibir\u00e1 un correo de confirmaci\u00f3n de recepci\u00f3n, una vez confirmada sus inscripci\u00f3n v\u00eda electr\u00f3nica podr\u00e1 presentarse el d\u00eda de la evento a recoger su brazalete.<\/p>\n<p>&nbsp;<\/p>\n<p>&nbsp;<\/p>\n","protected":false},"excerpt":{"rendered":"<p>&nbsp; La organizaci\u00f3n curricular, su orientaci\u00f3n y organizaci\u00f3n, as\u00ed como los enfoques did\u00e1cticos de las diferentes asignaturas y \u00e1reas de desarrollo de la educaci\u00f3n obligatoria y la educaci\u00f3n superior, han estado en constante cambio y reforma, tratando de adaptarse a los cambios del mundo, la sociedad, la econom\u00eda, las relaciones y los derechos humanos, y [&hellip;]<\/p>\n","protected":false},"author":1,"featured_media":1134,"comment_status":"open","ping_status":"open","sticky":false,"template":"","format":"standard","meta":{"footnotes":""},"categories":[1],"tags":[],"_links":{"self":[{"href":"https:\/\/iae.org.mx\/sitio15\/wordpress\/index.php?rest_route=\/wp\/v2\/posts\/1133"}],"collection":[{"href":"https:\/\/iae.org.mx\/sitio15\/wordpress\/index.php?rest_route=\/wp\/v2\/posts"}],"about":[{"href":"https:\/\/iae.org.mx\/sitio15\/wordpress\/index.php?rest_route=\/wp\/v2\/types\/post"}],"author":[{"embeddable":true,"href":"https:\/\/iae.org.mx\/sitio15\/wordpress\/index.php?rest_route=\/wp\/v2\/users\/1"}],"replies":[{"embeddable":true,"href":"https:\/\/iae.org.mx\/sitio15\/wordpress\/index.php?rest_route=%2Fwp%2Fv2%2Fcomments&post=1133"}],"version-history":[{"count":7,"href":"https:\/\/iae.org.mx\/sitio15\/wordpress\/index.php?rest_route=\/wp\/v2\/posts\/1133\/revisions"}],"predecessor-version":[{"id":1142,"href":"https:\/\/iae.org.mx\/sitio15\/wordpress\/index.php?rest_route=\/wp\/v2\/posts\/1133\/revisions\/1142"}],"wp:featuredmedia":[{"embeddable":true,"href":"https:\/\/iae.org.mx\/sitio15\/wordpress\/index.php?rest_route=\/wp\/v2\/media\/1134"}],"wp:attachment":[{"href":"https:\/\/iae.org.mx\/sitio15\/wordpress\/index.php?rest_route=%2Fwp%2Fv2%2Fmedia&parent=1133"}],"wp:term":[{"taxonomy":"category","embeddable":true,"href":"https:\/\/iae.org.mx\/sitio15\/wordpress\/index.php?rest_route=%2Fwp%2Fv2%2Fcategories&post=1133"},{"taxonomy":"post_tag","embeddable":true,"href":"https:\/\/iae.org.mx\/sitio15\/wordpress\/index.php?rest_route=%2Fwp%2Fv2%2Ftags&post=1133"}],"curies":[{"name":"wp","href":"https:\/\/api.w.org\/{rel}","templated":true}]}}