{"id":1031,"date":"2019-01-17T11:56:04","date_gmt":"2019-01-17T17:56:04","guid":{"rendered":"http:\/\/iae.org.mx\/sitio15\/wordpress\/?p=1031"},"modified":"2019-01-17T12:09:45","modified_gmt":"2019-01-17T18:09:45","slug":"por-que-hablar-de-competencias-en-educacion-basica","status":"publish","type":"post","link":"https:\/\/iae.org.mx\/sitio15\/wordpress\/?p=1031","title":{"rendered":"\u00bfPor qu\u00e9 hablar de competencias en educaci\u00f3n b\u00e1sica?"},"content":{"rendered":"<p>Contribuci\u00f3n\u00a0 de Lenin L\u00f3pez Velas<\/p>\n<p>\u00daltimamente se ha hablado sobre los ajustes que se har\u00e1n en materia educativa para el futuro del pa\u00eds, no obstante, reflexionar sobre los conceptos de los cuales se sirven los profesionales de la educaci\u00f3n b\u00e1sica cotidianamente, o en palabras llanas, en la talacha que se realiza d\u00eda a d\u00eda en las aulas, es provechoso en aras de tener un pensamiento claro en torno al fen\u00f3meno educativo.<\/p>\n<p>El texto, <strong><a href=\"http:\/\/parresiafiluan.wixsite.com\/filuan\/numero-vii?fbclid=IwAR0z3IGfxJGYeb3b4JXbZMrOXXjm0etQTQT9MNdALSfj-0Zh1uyXRbJGbrI\" target=\"_blank\">&#8220;\u00bfPor qu\u00e9 hablar de competencias en educaci\u00f3n b\u00e1sica?&#8221;<\/a> <\/strong>Cuestiona el concepto de competencia que se emplea habitualmente en el \u00e1mbito educativo y est\u00e1 puesto en la mesa para el debate y la discusi\u00f3n.<\/p>\n<p><a href=\"http:\/\/iae.org.mx\/sitio15\/wordpress\/wp-content\/uploads\/2019\/01\/revista.jpg\"><img loading=\"lazy\" decoding=\"async\" class=\"alignleft size-medium wp-image-1032\" src=\"http:\/\/iae.org.mx\/sitio15\/wordpress\/wp-content\/uploads\/2019\/01\/revista-194x300.jpg\" alt=\"revista\" width=\"194\" height=\"300\" srcset=\"https:\/\/iae.org.mx\/sitio15\/wordpress\/wp-content\/uploads\/2019\/01\/revista-194x300.jpg 194w, https:\/\/iae.org.mx\/sitio15\/wordpress\/wp-content\/uploads\/2019\/01\/revista.jpg 336w\" sizes=\"(max-width: 194px) 100vw, 194px\" \/><\/a><\/p>\n<p>&nbsp;<\/p>\n<p>&nbsp;<\/p>\n<p>&nbsp;<\/p>\n<p>&nbsp;<\/p>\n<p>&nbsp;<\/p>\n<p>&nbsp;<\/p>\n<p>&nbsp;<\/p>\n<p>&nbsp;<\/p>\n<p>&nbsp;<\/p>\n<p>Una publicaci\u00f3n de la revista Parres\u00eda de la Universidad Aut\u00f3noma de Nayarit.<\/p>\n","protected":false},"excerpt":{"rendered":"<p>Contribuci\u00f3n\u00a0 de Lenin L\u00f3pez Velas \u00daltimamente se ha hablado sobre los ajustes que se har\u00e1n en materia educativa para el futuro del pa\u00eds, no obstante, reflexionar sobre los conceptos de los cuales se sirven los profesionales de la educaci\u00f3n b\u00e1sica cotidianamente, o en palabras llanas, en la talacha que se realiza d\u00eda a d\u00eda en [&hellip;]<\/p>\n","protected":false},"author":1,"featured_media":1039,"comment_status":"open","ping_status":"open","sticky":false,"template":"","format":"standard","meta":{"footnotes":""},"categories":[1],"tags":[],"_links":{"self":[{"href":"https:\/\/iae.org.mx\/sitio15\/wordpress\/index.php?rest_route=\/wp\/v2\/posts\/1031"}],"collection":[{"href":"https:\/\/iae.org.mx\/sitio15\/wordpress\/index.php?rest_route=\/wp\/v2\/posts"}],"about":[{"href":"https:\/\/iae.org.mx\/sitio15\/wordpress\/index.php?rest_route=\/wp\/v2\/types\/post"}],"author":[{"embeddable":true,"href":"https:\/\/iae.org.mx\/sitio15\/wordpress\/index.php?rest_route=\/wp\/v2\/users\/1"}],"replies":[{"embeddable":true,"href":"https:\/\/iae.org.mx\/sitio15\/wordpress\/index.php?rest_route=%2Fwp%2Fv2%2Fcomments&post=1031"}],"version-history":[{"count":1,"href":"https:\/\/iae.org.mx\/sitio15\/wordpress\/index.php?rest_route=\/wp\/v2\/posts\/1031\/revisions"}],"predecessor-version":[{"id":1033,"href":"https:\/\/iae.org.mx\/sitio15\/wordpress\/index.php?rest_route=\/wp\/v2\/posts\/1031\/revisions\/1033"}],"wp:featuredmedia":[{"embeddable":true,"href":"https:\/\/iae.org.mx\/sitio15\/wordpress\/index.php?rest_route=\/wp\/v2\/media\/1039"}],"wp:attachment":[{"href":"https:\/\/iae.org.mx\/sitio15\/wordpress\/index.php?rest_route=%2Fwp%2Fv2%2Fmedia&parent=1031"}],"wp:term":[{"taxonomy":"category","embeddable":true,"href":"https:\/\/iae.org.mx\/sitio15\/wordpress\/index.php?rest_route=%2Fwp%2Fv2%2Fcategories&post=1031"},{"taxonomy":"post_tag","embeddable":true,"href":"https:\/\/iae.org.mx\/sitio15\/wordpress\/index.php?rest_route=%2Fwp%2Fv2%2Ftags&post=1031"}],"curies":[{"name":"wp","href":"https:\/\/api.w.org\/{rel}","templated":true}]}}