{"id":6470,"date":"2026-09-02T14:36:47","date_gmt":"2026-09-02T20:36:47","guid":{"rendered":"https:\/\/iae.org.mx\/sitio15\/wordpress\/?p=6470"},"modified":"2026-09-02T14:36:47","modified_gmt":"2026-09-02T20:36:47","slug":"cual-es-la-formacion-continua-que-necesitan-los-docentes-en-mexico","status":"publish","type":"post","link":"http:\/\/iae.org.mx\/sitio15\/wordpress\/?p=6470","title":{"rendered":"\u00bfCu\u00e1l es la formaci\u00f3n continua que necesitan los docentes en M\u00e9xico?"},"content":{"rendered":"\n<p>Para que la formaci\u00f3n continua en M\u00e9xico logre un impacto positivo y duradero en el desarrollo profesional de los maestros, el dise\u00f1o y la pr\u00e1ctica curricular deben reconfigurarse a partir de las realidades estructurales y operativas identificadas en el sistema educativo nacional. Un modelo formativo verdaderamente eficaz no puede limitarse a la transmisi\u00f3n pasiva de contenidos generalistas; requiere articular de manera arm\u00f3nica los aspectos administrativos, pedag\u00f3gicos y contextuales que envuelven la labor docente.<\/p>\n\n\n\n<p>El primer elemento indispensable es la&nbsp;<strong>emancipaci\u00f3n de la l\u00f3gica utilitaria del sistema de puntos<\/strong>. Para evitar la &#8220;banalizaci\u00f3n&#8221; de los contenidos y la simulaci\u00f3n, los trayectos formativos deben dise\u00f1arse de modo que el m\u00e9rito y el incentivo laboral est\u00e9n directamente vinculados a la aplicaci\u00f3n pr\u00e1ctica, la transformaci\u00f3n del aula y la construcci\u00f3n de proyectos colectivos, en lugar de centrarse \u00fanicamente en la acumulaci\u00f3n de constancias y el cumplimiento de tr\u00e1mites de acreditaci\u00f3n. La formaci\u00f3n debe valorarse por el impacto real en el aprendizaje de los alumnos y no como un mero requisito de control laboral.<\/p>\n\n\n\n<figure class=\"wp-block-image\"><img loading=\"lazy\" decoding=\"async\" width=\"1080\" height=\"1080\" src=\"https:\/\/iae.org.mx\/sitio15\/wordpress\/wp-content\/uploads\/2026\/09\/4.jpg\" alt=\"\" class=\"wp-image-6473\" srcset=\"http:\/\/iae.org.mx\/sitio15\/wordpress\/wp-content\/uploads\/2026\/09\/4.jpg 1080w, http:\/\/iae.org.mx\/sitio15\/wordpress\/wp-content\/uploads\/2026\/09\/4-300x300.jpg 300w, http:\/\/iae.org.mx\/sitio15\/wordpress\/wp-content\/uploads\/2026\/09\/4-1024x1024.jpg 1024w, http:\/\/iae.org.mx\/sitio15\/wordpress\/wp-content\/uploads\/2026\/09\/4-150x150.jpg 150w, http:\/\/iae.org.mx\/sitio15\/wordpress\/wp-content\/uploads\/2026\/09\/4-768x768.jpg 768w, http:\/\/iae.org.mx\/sitio15\/wordpress\/wp-content\/uploads\/2026\/09\/4-160x160.jpg 160w, http:\/\/iae.org.mx\/sitio15\/wordpress\/wp-content\/uploads\/2026\/09\/4-240x240.jpg 240w, http:\/\/iae.org.mx\/sitio15\/wordpress\/wp-content\/uploads\/2026\/09\/4-60x60.jpg 60w, http:\/\/iae.org.mx\/sitio15\/wordpress\/wp-content\/uploads\/2026\/09\/4-184x184.jpg 184w\" sizes=\"(max-width: 1080px) 100vw, 1080px\" \/><\/figure>\n\n\n\n<p>En segundo lugar, se requiere una&nbsp;<strong>profunda flexibilizaci\u00f3n y contextualizaci\u00f3n curricular<\/strong>. Dado que el magisterio opera en escenarios socioecon\u00f3micos y geogr\u00e1ficos sumamente diversos \u2014que van desde escuelas urbanas con alta densidad de estudiantes hasta centros multigrado en zonas rurales aisladas o comunidades fronterizas\u2014, los programas no pueden seguir siendo generalistas. La formaci\u00f3n continua debe dotar a los formadores de herramientas para comprender la idiosincrasia del gremio y permitir el co-dise\u00f1o instruccional <em>in situ<\/em>. Esto implica responder con agilidad a las necesidades espec\u00edficas de cada nivel, modalidad (como secundarias t\u00e9cnicas o telesecundarias) y entorno social, integrando la autonom\u00eda curricular como un eje pr\u00e1ctico y no solo discursivo.<\/p>\n\n\n\n<p>Un tercer componente cr\u00edtico es el&nbsp;<strong>reconocimiento de las realidades operativas de la funci\u00f3n y el servicio<\/strong>. Los programas dirigidos a directivos, supervisores y asesores t\u00e9cnicos pedag\u00f3gicos deben equilibrar las exigencias pedag\u00f3gicas con las pesadas cargas administrativas y burocr\u00e1ticas que estos actores enfrentan cotidianamente. Asimismo, los dise\u00f1os formativos deben ser sensibles a los factores externos, como los entornos sociales complejos o las zonas afectadas por la inseguridad, evitando la exigencia &#8220;en fr\u00edo&#8221; de proyectos que resulten inviables en la pr\u00e1ctica diaria de los centros escolares.<\/p>\n\n\n\n<p>En cuarto lugar, es fundamental&nbsp;<strong>equilibrar las modalidades de impartici\u00f3n y fortalecer la interacci\u00f3n entre iguales<\/strong>. Si bien los formatos a distancia y mixtos son necesarios para garantizar la cobertura geogr\u00e1fica y optimizar recursos, el dise\u00f1o did\u00e1ctico debe propiciar espacios robustos para la socializaci\u00f3n de saberes, el debate metodol\u00f3gico y el intercambio de experiencias. La presencialidad o el trabajo sincr\u00f3nico deben rescatarse como espacios de reflexi\u00f3n profunda, contrarrestando el aislamiento que suelen fomentar las plataformas virtuales.<\/p>\n\n\n\n<p>Finalmente, la formaci\u00f3n continua debe transitar hacia una&nbsp;<strong>evaluaci\u00f3n verdaderamente formativa<\/strong>&nbsp;y hacia la&nbsp;<strong>creaci\u00f3n de comunidades profesionales de aprendizaje<\/strong>. Los mecanismos de evaluaci\u00f3n deben abandonar el enfoque administrativo para convertirse en procesos de retroalimentaci\u00f3n regular y profunda que propicien la autocr\u00edtica y la modificaci\u00f3n de la pr\u00e1ctica docente. Para que los aprendizajes individuales no se diluyan, el sistema debe proveer el acompa\u00f1amiento institucional, los espacios temporales y los recursos compartidos necesarios para que los esfuerzos aislados se transformen en redes colectivas estables dentro de las escuelas y zonas escolares, garantizando as\u00ed la sostenibilidad de la innovaci\u00f3n pedag\u00f3gica en el tiempo.<\/p>\n\n\n\n<figure class=\"wp-block-image\"><img loading=\"lazy\" decoding=\"async\" width=\"960\" height=\"720\" src=\"https:\/\/iae.org.mx\/sitio15\/wordpress\/wp-content\/uploads\/2026\/09\/3.jpg\" alt=\"\" class=\"wp-image-6472\" srcset=\"http:\/\/iae.org.mx\/sitio15\/wordpress\/wp-content\/uploads\/2026\/09\/3.jpg 960w, http:\/\/iae.org.mx\/sitio15\/wordpress\/wp-content\/uploads\/2026\/09\/3-300x225.jpg 300w, http:\/\/iae.org.mx\/sitio15\/wordpress\/wp-content\/uploads\/2026\/09\/3-768x576.jpg 768w\" sizes=\"(max-width: 960px) 100vw, 960px\" \/><\/figure>\n","protected":false},"excerpt":{"rendered":"<p>Para que la formaci\u00f3n continua en M\u00e9xico logre un impacto positivo y duradero en el desarrollo profesional de los maestros, el dise\u00f1o y la pr\u00e1ctica curricular deben reconfigurarse a partir de las realidades estructurales y operativas identificadas en el sistema educativo nacional. Un modelo formativo verdaderamente eficaz no puede limitarse a la transmisi\u00f3n pasiva de [&hellip;]<\/p>\n","protected":false},"author":1,"featured_media":6471,"comment_status":"open","ping_status":"open","sticky":false,"template":"","format":"standard","meta":{"footnotes":""},"categories":[1],"tags":[18,19,20,17],"_links":{"self":[{"href":"http:\/\/iae.org.mx\/sitio15\/wordpress\/index.php?rest_route=\/wp\/v2\/posts\/6470"}],"collection":[{"href":"http:\/\/iae.org.mx\/sitio15\/wordpress\/index.php?rest_route=\/wp\/v2\/posts"}],"about":[{"href":"http:\/\/iae.org.mx\/sitio15\/wordpress\/index.php?rest_route=\/wp\/v2\/types\/post"}],"author":[{"embeddable":true,"href":"http:\/\/iae.org.mx\/sitio15\/wordpress\/index.php?rest_route=\/wp\/v2\/users\/1"}],"replies":[{"embeddable":true,"href":"http:\/\/iae.org.mx\/sitio15\/wordpress\/index.php?rest_route=%2Fwp%2Fv2%2Fcomments&post=6470"}],"version-history":[{"count":1,"href":"http:\/\/iae.org.mx\/sitio15\/wordpress\/index.php?rest_route=\/wp\/v2\/posts\/6470\/revisions"}],"predecessor-version":[{"id":6474,"href":"http:\/\/iae.org.mx\/sitio15\/wordpress\/index.php?rest_route=\/wp\/v2\/posts\/6470\/revisions\/6474"}],"wp:featuredmedia":[{"embeddable":true,"href":"http:\/\/iae.org.mx\/sitio15\/wordpress\/index.php?rest_route=\/wp\/v2\/media\/6471"}],"wp:attachment":[{"href":"http:\/\/iae.org.mx\/sitio15\/wordpress\/index.php?rest_route=%2Fwp%2Fv2%2Fmedia&parent=6470"}],"wp:term":[{"taxonomy":"category","embeddable":true,"href":"http:\/\/iae.org.mx\/sitio15\/wordpress\/index.php?rest_route=%2Fwp%2Fv2%2Fcategories&post=6470"},{"taxonomy":"post_tag","embeddable":true,"href":"http:\/\/iae.org.mx\/sitio15\/wordpress\/index.php?rest_route=%2Fwp%2Fv2%2Ftags&post=6470"}],"curies":[{"name":"wp","href":"https:\/\/api.w.org\/{rel}","templated":true}]}}